{"id":267,"date":"2021-05-13T12:22:10","date_gmt":"2021-05-13T10:22:10","guid":{"rendered":"https:\/\/manuelandre.de\/?p=267"},"modified":"2025-06-02T19:32:48","modified_gmt":"2025-06-02T17:32:48","slug":"sportler","status":"publish","type":"post","link":"https:\/\/manuelandre.de\/?p=267","title":{"rendered":"Podcasts"},"content":{"rendered":"\n<h2 id=\"podcast-host\">Podcast-Host<\/h2>\n\n\n\n<p>Der &#8222;Nachrichtenwecker&#8220; begleitete Augsburgerinnen und Augsburger in den Tag. Das Podcast-Team berichtete von Montag bis Freitag t\u00e4glich \u00fcber die wichtigsten Nachrichten aus Augsburg und der Welt. Ich war f\u00fcr Konzeption des Podcasts mitverantwortlich und moderierte zwei Jahre lang regelm\u00e4\u00dfig den Nachrichtenwecker. 2024 wurde das Konzept angepasst. Eine Folge zum Nachh\u00f6ren:<\/p>\n\n\n\n<figure class=\"wp-block-embed is-type-rich is-provider-spotify wp-block-embed-spotify wp-embed-aspect-21-9 wp-has-aspect-ratio\"><div class=\"wp-block-embed__wrapper\">\n<iframe title=\"Spotify Embed: Hochwasser in Schwaben: Sonderfolge zur Lage in der Region\" style=\"border-radius: 12px\" width=\"100%\" height=\"152\" frameborder=\"0\" allowfullscreen allow=\"autoplay; clipboard-write; encrypted-media; fullscreen; picture-in-picture\" loading=\"lazy\" src=\"https:\/\/open.spotify.com\/embed\/episode\/7FoKa9b4jDjB8S7csh2mr9?si=BFVRHBb9QX6LDgQPtL-h9w&#038;utm_source=oembed\"><\/iframe>\n<\/div><\/figure>\n\n\n\n<h2 id=\"podcast-autor\">Podcast-Autor<\/h2>\n\n\n\n<p>F\u00fcr den Podcast &#8222;crime-exe&#8220; war ich als Reporter und Autor f\u00fcr drei Folgen zust\u00e4ndig. In dem Podcast geht es um Kriminalit\u00e4t im Internet. Ich war Reporter dieser Folgen:<em><br><\/em><a rel=\"noreferrer noopener\" href=\"https:\/\/stories-of-crime.podigee.io\/s11e3-crimeexe-2-carbanak\" target=\"_blank\">carbanak.exe<\/a><br><a rel=\"noreferrer noopener\" href=\"https:\/\/stories-of-crime.podigee.io\/s11e6-crimeexe-5-bundespost\" target=\"_blank\">bundespost.exe<\/a><br><a rel=\"noreferrer noopener\" href=\"https:\/\/stories-of-crime.podigee.io\/s11e10-crimeexe-9-tinder\" target=\"_blank\">tinder.exe<\/a><\/p>\n","protected":false},"excerpt":{"rendered":"<p>Podcast-Host Der &#8222;Nachrichtenwecker&#8220; begleitete Augsburgerinnen und Augsburger in den Tag. Das Podcast-Team berichtete von Montag bis Freitag t\u00e4glich \u00fcber die wichtigsten Nachrichten aus Augsburg und der Welt. Ich war f\u00fcr Konzeption des Podcasts mitverantwortlich und moderierte zwei Jahre lang regelm\u00e4\u00dfig den Nachrichtenwecker. 2024 wurde das Konzept angepasst. Eine Folge zum Nachh\u00f6ren: Podcast-Autor F\u00fcr den Podcast [&hellip;]<\/p>\n","protected":false},"author":1,"featured_media":380,"comment_status":"closed","ping_status":"closed","sticky":false,"template":"","format":"standard","meta":[],"categories":[1],"tags":[],"_links":{"self":[{"href":"https:\/\/manuelandre.de\/index.php?rest_route=\/wp\/v2\/posts\/267"}],"collection":[{"href":"https:\/\/manuelandre.de\/index.php?rest_route=\/wp\/v2\/posts"}],"about":[{"href":"https:\/\/manuelandre.de\/index.php?rest_route=\/wp\/v2\/types\/post"}],"author":[{"embeddable":true,"href":"https:\/\/manuelandre.de\/index.php?rest_route=\/wp\/v2\/users\/1"}],"replies":[{"embeddable":true,"href":"https:\/\/manuelandre.de\/index.php?rest_route=%2Fwp%2Fv2%2Fcomments&post=267"}],"version-history":[{"count":11,"href":"https:\/\/manuelandre.de\/index.php?rest_route=\/wp\/v2\/posts\/267\/revisions"}],"predecessor-version":[{"id":570,"href":"https:\/\/manuelandre.de\/index.php?rest_route=\/wp\/v2\/posts\/267\/revisions\/570"}],"wp:featuredmedia":[{"embeddable":true,"href":"https:\/\/manuelandre.de\/index.php?rest_route=\/wp\/v2\/media\/380"}],"wp:attachment":[{"href":"https:\/\/manuelandre.de\/index.php?rest_route=%2Fwp%2Fv2%2Fmedia&parent=267"}],"wp:term":[{"taxonomy":"category","embeddable":true,"href":"https:\/\/manuelandre.de\/index.php?rest_route=%2Fwp%2Fv2%2Fcategories&post=267"},{"taxonomy":"post_tag","embeddable":true,"href":"https:\/\/manuelandre.de\/index.php?rest_route=%2Fwp%2Fv2%2Ftags&post=267"}],"curies":[{"name":"wp","href":"https:\/\/api.w.org\/{rel}","templated":true}]}}